[{"@context":"https:\/\/schema.org\/","@type":"Article","@id":"https:\/\/www.tompex.cz\/bydleni-par-excelence\/#Article","mainEntityOfPage":"https:\/\/www.tompex.cz\/bydleni-par-excelence\/","headline":"Bydlen\u00ed par excelence","name":"Bydlen\u00ed par excelence","description":"N\u011bkdo si pod t\u00edmto ozna\u010den\u00edm vybav\u00ed vilu s mnoha pokoji, vnit\u0159n\u00edm i vn\u011bj\u0161\u00edm baz\u00e9nem, velkou, vysok\u00fdm plotem, \u010di kamennou z\u00eddkou obehnanou zahradou,s ve\u0161ker\u00fdm vybaven\u00edm na elektroniku, \u010didla, d\u00e1lkov\u00e1 ovl\u00e1d\u00e1n\u00ed a podobn\u011b. N\u011bkdo jin\u00fd si zase p\u0159edstav\u00ed stylovou vilu ze sklonku rakousko-uhersk\u00e9 monarchie, s p\u0159evl\u00e1daj\u00edc\u00edmi prvky secese, dal\u0161\u00ed kr\u00e1snou roubenou chalupu s kompletn\u00edm origin\u00e1ln\u00edm vybaven\u00edm.Nutno ale &hellip;<p class=\"read-more\"> <a class=\"\" href=\"https:\/\/www.tompex.cz\/bydleni-par-excelence\/\"> <span class=\"screen-reader-text\">Bydlen\u00ed par excelence<\/span> Read More &raquo;<\/a><\/p>","datePublished":"2024-12-11","dateModified":"2024-12-11","author":{"@type":"Person","@id":"https:\/\/www.tompex.cz\/author\/#Person","name":"","url":"https:\/\/www.tompex.cz\/author\/","identifier":1,"image":{"@type":"ImageObject","@id":"https:\/\/secure.gravatar.com\/avatar\/59b0e4716b6bc16861d789b0eb3efe04cb591482277f92a016ec4356fe735210?s=96&d=mm&r=g","url":"https:\/\/secure.gravatar.com\/avatar\/59b0e4716b6bc16861d789b0eb3efe04cb591482277f92a016ec4356fe735210?s=96&d=mm&r=g","height":96,"width":96}},"publisher":{"@type":"Organization","name":"tompex.cz","logo":{"@type":"ImageObject","@id":"\/logo.png","url":"\/logo.png","width":600,"height":60}},"url":"https:\/\/www.tompex.cz\/bydleni-par-excelence\/","wordCount":186,"articleBody":"N\u011bkdo si pod t\u00edmto ozna\u010den\u00edm vybav\u00ed vilu s mnoha pokoji, vnit\u0159n\u00edm i vn\u011bj\u0161\u00edm baz\u00e9nem, velkou, vysok\u00fdm plotem, \u010di kamennou z\u00eddkou obehnanou zahradou,s ve\u0161ker\u00fdm vybaven\u00edm na elektroniku, \u010didla, d\u00e1lkov\u00e1 ovl\u00e1d\u00e1n\u00ed a podobn\u011b. N\u011bkdo jin\u00fd si zase p\u0159edstav\u00ed stylovou vilu ze sklonku rakousko-uhersk\u00e9 monarchie, s p\u0159evl\u00e1daj\u00edc\u00edmi prvky secese, dal\u0161\u00ed kr\u00e1snou roubenou chalupu s kompletn\u00edm origin\u00e1ln\u00edm vybaven\u00edm.Nutno ale podotknout, \u017ee v\u0161echny tyto p\u0159\u00edklady jsou finan\u010dn\u011b pom\u011brn\u011b n\u00e1ro\u010dn\u00e9 nejen na po\u0159\u00edzen\u00ed, ale tak\u00e9 na \u00fadr\u017ebu. A to ani nemluv\u011b o st\u00e1l\u00e9 kuratele pam\u00e1tk\u00e1\u0159\u016f nad star\u0161\u00edmi stylov\u00fdmi objekty, jako jsou ony posledn\u00ed dva uv\u00e1d\u011bn\u00e9 p\u0159\u00edklady. Skromn\u011bj\u0161\u00ed p\u016fvab Jsou ale lid\u00e9, pro kter\u00e9 je snov\u00e9 bydlen\u00ed m nohem skromn\u011bj\u0161\u00ed, ale o to \u00fatuln\u011bj\u0161\u00ed a romanti\u010dt\u011bj\u0161\u00ed. Poj\u00ed se s n\u00edm p\u0159iznan\u00e9 tr\u00e1my, \u0161ikm\u00e9 stropy a st\u0159e\u0161n\u00ed okna s v\u00fdhledem do nebes. Ano, jsou to podkrovn\u00ed byty.                                                                                                                                                                                                                                                                                                                                                                                                "},{"@context":"https:\/\/schema.org\/","@type":"BreadcrumbList","itemListElement":[{"@type":"ListItem","position":1,"name":"Bydlen\u00ed par excelence","item":"https:\/\/www.tompex.cz\/bydleni-par-excelence\/#breadcrumbitem"}]}]