[{"@context":"https:\/\/schema.org\/","@type":"Article","@id":"https:\/\/www.tompex.cz\/duraz-na-individualitu-a-odbornost\/#Article","mainEntityOfPage":"https:\/\/www.tompex.cz\/duraz-na-individualitu-a-odbornost\/","headline":"D\u016fraz na individualitu a odbornost","name":"D\u016fraz na individualitu a odbornost","description":"Dovolte n\u00e1m p\u0159edstavit V\u00e1m n\u00e1\u0161 zaveden\u00fd autosalon, kter\u00fd V\u00e1m ji\u017e v\u00edce ne\u017e deset let nab\u00edz\u00ed vozy typu Volkswagen, Audi apod. Velmi si v\u00e1\u017e\u00edme Va\u0161eho z\u00e1jmu o n\u00e1kup automobilu n\u011bmeck\u00e9 provenience, proto se V\u00e1m budeme sna\u017eit vyj\u00edt p\u0159i Va\u0161em v\u00fdb\u011bru vozu a jeho n\u00e1kupu co nejv\u00edce vst\u0159\u00edc. V\u00edme, \u017ee ka\u017ed\u00fd z\u00e1kazn\u00edk je individualitou a osobnost\u00ed, proto &hellip;<p class=\"read-more\"> <a class=\"\" href=\"https:\/\/www.tompex.cz\/duraz-na-individualitu-a-odbornost\/\"> <span class=\"screen-reader-text\">D\u016fraz na individualitu a odbornost<\/span> Read More &raquo;<\/a><\/p>","datePublished":"2025-09-02","dateModified":"2025-09-02","author":{"@type":"Person","@id":"https:\/\/www.tompex.cz\/author\/#Person","name":"","url":"https:\/\/www.tompex.cz\/author\/","identifier":1,"image":{"@type":"ImageObject","@id":"https:\/\/secure.gravatar.com\/avatar\/59b0e4716b6bc16861d789b0eb3efe04cb591482277f92a016ec4356fe735210?s=96&d=mm&r=g","url":"https:\/\/secure.gravatar.com\/avatar\/59b0e4716b6bc16861d789b0eb3efe04cb591482277f92a016ec4356fe735210?s=96&d=mm&r=g","height":96,"width":96}},"publisher":{"@type":"Organization","name":"tompex.cz","logo":{"@type":"ImageObject","@id":"\/logo.png","url":"\/logo.png","width":600,"height":60}},"url":"https:\/\/www.tompex.cz\/duraz-na-individualitu-a-odbornost\/","wordCount":184,"articleBody":"Dovolte n\u00e1m p\u0159edstavit V\u00e1m n\u00e1\u0161 zaveden\u00fd autosalon, kter\u00fd V\u00e1m ji\u017e v\u00edce ne\u017e deset let nab\u00edz\u00ed vozy typu Volkswagen, Audi apod. Velmi si v\u00e1\u017e\u00edme Va\u0161eho z\u00e1jmu o n\u00e1kup automobilu n\u011bmeck\u00e9 provenience, proto se V\u00e1m budeme sna\u017eit vyj\u00edt p\u0159i Va\u0161em v\u00fdb\u011bru vozu a jeho n\u00e1kupu co nejv\u00edce vst\u0159\u00edc. V\u00edme, \u017ee ka\u017ed\u00fd z\u00e1kazn\u00edk je individualitou a osobnost\u00ed, proto je pro n\u00e1s d\u016fle\u017eit\u00fd pr\u00e1v\u011b d\u016fraz na individu\u00e1ln\u00ed p\u0159\u00edstup, kter\u00fd dopl\u0148ujeme svou odbornost\u00ed a profesionalitou. P\u0159\u00e1telsk\u00fd autosalon Vzhledem ke skute\u010dnosti, \u017ee Volkswageny jsou automobily, kter\u00e9 maj\u00ed svou \u201eosobnost\u201c, zna\u010dku, styl a charakter, jsou tedy i vozidly, kter\u00e9 si vyb\u00edraj\u00ed skute\u010dn\u00e9 osobnosti. N\u00e1\u0161 autosalon Va\u0161i osobnost podpo\u0159\u00ed individu\u00e1ln\u00edm p\u0159\u00edstupem k Va\u0161\u00ed popt\u00e1vce a z\u00e1jmu. Nav\u00edc V\u00e1m krom\u011b p\u0159\u00e1telsk\u00e9ho p\u0159\u00edstupu nab\u00eddneme tak\u00e9 profesionalitu a odborn\u00e9 znalosti, kter\u00e9 V\u00e1m pomohou l\u00e9pe se s Va\u0161\u00edm nov\u00fdm vozem s\u017e\u00edt.                                                                                                                                                                                                                                                                                                                                                                                                "},{"@context":"https:\/\/schema.org\/","@type":"BreadcrumbList","itemListElement":[{"@type":"ListItem","position":1,"name":"D\u016fraz na individualitu a odbornost","item":"https:\/\/www.tompex.cz\/duraz-na-individualitu-a-odbornost\/#breadcrumbitem"}]}]